{"id":365,"date":"2020-06-04T13:27:43","date_gmt":"2020-06-04T16:27:43","guid":{"rendered":"https:\/\/cecane.ufc.br\/?p=365"},"modified":"2020-06-04T13:31:05","modified_gmt":"2020-06-04T16:31:05","slug":"levantamento-sobre-distribuicao-de-alimentos-durante-a-pandemia","status":"publish","type":"post","link":"https:\/\/cecane.ufc.br\/?p=365","title":{"rendered":"Levantamento sobre distribui\u00e7\u00e3o de alimentos durante a pandemia"},"content":{"rendered":"\n<figure class=\"wp-block-image size-large\"><img loading=\"lazy\" width=\"640\" height=\"426\" src=\"https:\/\/i0.wp.com\/cecane.ufc.br\/wp-content\/uploads\/2020\/06\/IMG_0092.jpg?resize=640%2C426&#038;ssl=1\" alt=\"\" class=\"wp-image-366\" srcset=\"https:\/\/i0.wp.com\/cecane.ufc.br\/wp-content\/uploads\/2020\/06\/IMG_0092.jpg?w=800&amp;ssl=1 800w, https:\/\/i0.wp.com\/cecane.ufc.br\/wp-content\/uploads\/2020\/06\/IMG_0092.jpg?resize=300%2C200&amp;ssl=1 300w, https:\/\/i0.wp.com\/cecane.ufc.br\/wp-content\/uploads\/2020\/06\/IMG_0092.jpg?resize=768%2C512&amp;ssl=1 768w\" sizes=\"(max-width: 640px) 100vw, 640px\" data-recalc-dims=\"1\" \/><\/figure>\n\n\n\n<p class=\"has-text-align-left\">O Fundo Nacional de Desenvolvimento da Educa\u00e7\u00e3o (FNDE) est\u00e1 precisando saber sobre as experi\u00eancias das EEx do PNAE de distribui\u00e7\u00e3o de alimenta\u00e7\u00e3o escolar, durante a pandemia do novo corona v\u00edrus. <br> Para tanto, foi elaborado um question\u00e1rio a ser respondido pelo nutricionista RT PNAE do munic\u00edpio ou gestor local do PNAE. Ressalta-se que apenas um question\u00e1rio deve ser respondido, por munic\u00edpio, pelo RT ou pelo Gestor.<br> Esse levantamento ocorre por meio da Coordena\u00e7\u00e3o Geral do Programa Nacional de Alimenta\u00e7\u00e3o Escolar (CGPAE), Divis\u00e3o de Apoio e Planejamento da Alimenta\u00e7\u00e3o Escolar (DAPAE) e Centros Colaboradores em Alimenta\u00e7\u00e3o e Nutri\u00e7\u00e3o do Escolar (CECANEs), ligados a Institui\u00e7\u00f5es Federais de Ensino Superior (IFES).<br> O Centro Colaborador em Alimenta\u00e7\u00e3o e Nutri\u00e7\u00e3o do Escolar (CECANE) da Universidade Federal do Cear\u00e1 (UFC) est\u00e1 com a responsabilidade de realizar o levantamento em todas as unidades executoras (EEx) dos estados do Cear\u00e1 e Maranh\u00e3o.<br> Cada EEx receber\u00e1 uma solicita\u00e7\u00e3o de resposta ao question\u00e1rio por e-mail, a partir da lista de endere\u00e7o eletr\u00f4nico do RT constante na base de dados do cadastro do nutricionista no FNDE, ou por contato telef\u00f4nico. <br> <\/p>\n\n\n\n<p class=\"has-text-align-left\">Link para o question\u00e1rio: <a href=\"https:\/\/docs.google.com\/forms\/d\/e\/1FAIpQLSetNaf5oWfLPRmmDT48hK8RpDcCvstZCcs50W7dBTe31N3FnA\/viewform?usp=sf_link\" target=\"_blank\" rel=\"noreferrer noopener\" aria-label=\"https:\/\/docs.google.com\/forms\/d\/e\/1FAIpQLSetNaf5oWfLPRmmDT48hK8RpDcCvstZCcs50W7dBTe31N3FnA\/viewform?usp=sf_link (abre numa nova aba)\">https:\/\/docs.google.com\/forms\/d\/e\/1FAIpQLSetNaf5oWfLPRmmDT48hK8RpDcCvstZCcs50W7dBTe31N3FnA\/viewform?usp=sf_link<\/a><br> Deixe-nos conhecer sua experi\u00eancia!<br> Coordena\u00e7\u00e3o do CECANE UFC<\/p>\n","protected":false},"excerpt":{"rendered":"<p>O Fundo Nacional de Desenvolvimento da Educa\u00e7\u00e3o (FNDE) est\u00e1 precisando saber sobre as experi\u00eancias das EEx do PNAE de distribui\u00e7\u00e3o de alimenta\u00e7\u00e3o escolar, durante a pandemia do novo corona v\u00edrus. Para tanto, foi elaborado um question\u00e1rio a ser respondido pelo nutricionista RT PNAE do munic\u00edpio ou gestor local do PNAE. Ressalta-se que apenas um question\u00e1rio<br \/><a class=\"btn btn-theme post-btn\" href=\"https:\/\/cecane.ufc.br\/?p=365\">Ler mais<\/a><\/p>\n","protected":false},"author":2,"featured_media":0,"comment_status":"open","ping_status":"open","sticky":false,"template":"","format":"standard","meta":{"spay_email":""},"categories":[4],"tags":[7,9,6,8,13,11,5,10],"jetpack_featured_media_url":"","_links":{"self":[{"href":"https:\/\/cecane.ufc.br\/index.php?rest_route=\/wp\/v2\/posts\/365"}],"collection":[{"href":"https:\/\/cecane.ufc.br\/index.php?rest_route=\/wp\/v2\/posts"}],"about":[{"href":"https:\/\/cecane.ufc.br\/index.php?rest_route=\/wp\/v2\/types\/post"}],"author":[{"embeddable":true,"href":"https:\/\/cecane.ufc.br\/index.php?rest_route=\/wp\/v2\/users\/2"}],"replies":[{"embeddable":true,"href":"https:\/\/cecane.ufc.br\/index.php?rest_route=%2Fwp%2Fv2%2Fcomments&post=365"}],"version-history":[{"count":2,"href":"https:\/\/cecane.ufc.br\/index.php?rest_route=\/wp\/v2\/posts\/365\/revisions"}],"predecessor-version":[{"id":368,"href":"https:\/\/cecane.ufc.br\/index.php?rest_route=\/wp\/v2\/posts\/365\/revisions\/368"}],"wp:attachment":[{"href":"https:\/\/cecane.ufc.br\/index.php?rest_route=%2Fwp%2Fv2%2Fmedia&parent=365"}],"wp:term":[{"taxonomy":"category","embeddable":true,"href":"https:\/\/cecane.ufc.br\/index.php?rest_route=%2Fwp%2Fv2%2Fcategories&post=365"},{"taxonomy":"post_tag","embeddable":true,"href":"https:\/\/cecane.ufc.br\/index.php?rest_route=%2Fwp%2Fv2%2Ftags&post=365"}],"curies":[{"name":"wp","href":"https:\/\/api.w.org\/{rel}","templated":true}]}}