{"id":318,"date":"2019-12-19T12:00:35","date_gmt":"2019-12-19T15:00:35","guid":{"rendered":"https:\/\/cecane.ufc.br\/?p=318"},"modified":"2019-12-19T13:09:46","modified_gmt":"2019-12-19T16:09:46","slug":"resultado-da-1a-fase-de-selecao-de-bolsistas","status":"publish","type":"post","link":"https:\/\/cecane.ufc.br\/?p=318","title":{"rendered":"Resultado da 1\u00aa fase de sele\u00e7\u00e3o de Bolsistas"},"content":{"rendered":"\n<p>Mediante o edital 02\/2019 CECANE-UFC, os candidatos inscritos para sele\u00e7\u00e3o de bolsistas foram avaliados de acordo com o hist\u00f3rico escolar, carta de inten\u00e7\u00e3o e o curriculum vitae, componentes aos quais comp\u00f5em a 1\u00aa fase (de car\u00e1ter eliminat\u00f3rio), como foi previsto no edital.<\/p>\n\n\n\n<p>Os Candidatos aprovados dever\u00e3o se submeter a segunda fase de sele\u00e7\u00e3o, aos quais ser\u00e3o avaliados pela produ\u00e7\u00e3o da escrita e argui\u00e7\u00e3o oral. Os textos refer\u00eancia para segunda fase est\u00e3o dispon\u00edveis gratuitamente em endere\u00e7os eletr\u00f4nicos do site do Fundo Nacional de Desenvolvimento da Educa\u00e7\u00e3o.<\/p>\n\n\n\n<h4>Textos Refer\u00eancia:<\/h4>\n\n\n\n<p>BEZERRA, Jos\u00e9 Arimatea Barros. Educa\u00e7\u00e3o alimentar e nutricional: articula\u00e7\u00e3o de saberes. Fortaleza: Edi\u00e7\u00f5es UFC, 2018. Cap\u00edtulos 1, 2 e 3. Dispon\u00edvel em: <a href=\"https:\/\/www.fnde.gov.br\/index.php\/programas\/pnae\/pnae-eixos-de-atuacao\/pnae-educacao-alimentar-nutricional\" target=\"_blank\" rel=\"noreferrer noopener\" aria-label=\"https:\/\/www.fnde.gov.br\/index.php\/programas\/pnae\/pnae-eixos-de-atuacao\/pnae-educacao-alimentar-nutricional (opens in a new tab)\">https:\/\/www.fnde.gov.br\/index.php\/programas\/pnae\/pnae-eixos-de-atuacao\/pnae-educacao-alimentar-nutricional<\/a><\/p>\n\n\n\n<p>BRASIL. Presid\u00eancia da Rep\u00fablica. Casa Civil. Sub Chefia para Assuntos Jur\u00eddicos. <em>Lei 11.947\/2009<\/em> (Lei Ordin\u00e1ria). Disp\u00f5es sobre o atendimento da alimenta\u00e7\u00e3o escolar e do programa dinheiro direto na escola aos alunos da educa\u00e7\u00e3o b\u00e1sica. Bras\u00edlia, DF: 2009.\u00a0 Dispon\u00edvel em: <a href=\"http:\/\/www.planalto.gov.br\/ccivil_03\/_Ato2007-2010\/2009\/Lei\/L11947.htm\" target=\"_blank\" rel=\"noreferrer noopener\" aria-label=\"http:\/\/www.planalto.gov.br\/ccivil_03\/_Ato2007-2010\/2009\/Lei\/L11947.htm (opens in a new tab)\">http:\/\/www.planalto.gov.br\/ccivil_03\/_Ato2007-2010\/2009\/Lei\/L11947.htm<\/a><\/p>\n\n\n\n<p>______.\nMinist\u00e9rio da Educa\u00e7\u00e3o. Fundo Nacional de Desenvolvimento da Educa\u00e7\u00e3o.<\/p>\n\n\n\n<p><em>Aquisi\u00e7\u00e3o de produtos da agricultura familiar para a alimenta\u00e7\u00e3o escolar<\/em>. 3. ed. Bras\u00edlia, DF: FNDE, 2017b, 60p. Dispon\u00edvel em: <a href=\"https:\/\/www.fnde.gov.br\/programas\/pnae\/pnae-area-gestores\/pnae-manuais-cartilhas\/item\/8595-manual-de-aquisi%C3%A7%C3%A3o-de-produtos-da-agricultura-familiar-para-a-alimenta%C3%A7%C3%A3o-escolar\" target=\"_blank\" rel=\"noreferrer noopener\" aria-label=\"https:\/\/www.fnde.gov.br\/programas\/pnae\/pnae-area-gestores\/pnae-manuais-cartilhas\/item\/8595-manual-de-aquisi%C3%A7%C3%A3o-de-produtos-da-agricultura-familiar-para-a-alimenta%C3%A7%C3%A3o-escolar (opens in a new tab)\">https:\/\/www.fnde.gov.br\/programas\/pnae\/pnae-area-gestores\/pnae-manuais-cartilhas\/item\/8595-manual-de-aquisi%C3%A7%C3%A3o-de-produtos-da-agricultura-familiar-para-a-alimenta%C3%A7%C3%A3o-escolar<\/a><\/p>\n\n\n\n<h2>Rela\u00e7\u00e3o de Candidatos Selecionados para 2\u00aa fase:<\/h2>\n\n\n\n<div class=\"wp-block-file\"><a href=\"https:\/\/cecane.ufc.br\/wp-content\/uploads\/2019\/12\/Rela\u00e7\u00e3o-inscritos-Edital-n02-2019.pdf\">Rela\u00e7\u00e3o-de-candidatos-selecionados-p-2-fase-Edital-n02-2019<\/a><a href=\"https:\/\/cecane.ufc.br\/wp-content\/uploads\/2019\/12\/Rela\u00e7\u00e3o-inscritos-Edital-n02-2019.pdf\" class=\"wp-block-file__button\" download>Download<\/a><\/div>\n\n\n\n<p class=\"has-text-color has-vivid-red-color\">Aqueles que foram aprovados para a segunda fase, devem se mobilizar para o endere\u00e7o: Rua Waldery Uchoa, 01, Benfica, Fortaleza, CE. Faculdade de Educa\u00e7\u00e3o (FACED) &#8211; Sala de Aula n\u00b0 4 (t\u00e9rreo).<br>Data\/Hor\u00e1rio: 20\/12\/2019 \u00e0s 08h00min.<\/p>\n","protected":false},"excerpt":{"rendered":"<p>Mediante o edital 02\/2019 CECANE-UFC, os candidatos inscritos para sele\u00e7\u00e3o de bolsistas foram avaliados de acordo com o hist\u00f3rico escolar, carta de inten\u00e7\u00e3o e o curriculum vitae, componentes aos quais comp\u00f5em a 1\u00aa fase (de car\u00e1ter eliminat\u00f3rio), como foi previsto no edital. Os Candidatos aprovados dever\u00e3o se submeter a segunda fase de sele\u00e7\u00e3o, aos quais<br \/><a class=\"btn btn-theme post-btn\" href=\"https:\/\/cecane.ufc.br\/?p=318\">Ler mais<\/a><\/p>\n","protected":false},"author":2,"featured_media":0,"comment_status":"open","ping_status":"open","sticky":false,"template":"","format":"standard","meta":{"spay_email":""},"categories":[1],"tags":[],"jetpack_featured_media_url":"","_links":{"self":[{"href":"https:\/\/cecane.ufc.br\/index.php?rest_route=\/wp\/v2\/posts\/318"}],"collection":[{"href":"https:\/\/cecane.ufc.br\/index.php?rest_route=\/wp\/v2\/posts"}],"about":[{"href":"https:\/\/cecane.ufc.br\/index.php?rest_route=\/wp\/v2\/types\/post"}],"author":[{"embeddable":true,"href":"https:\/\/cecane.ufc.br\/index.php?rest_route=\/wp\/v2\/users\/2"}],"replies":[{"embeddable":true,"href":"https:\/\/cecane.ufc.br\/index.php?rest_route=%2Fwp%2Fv2%2Fcomments&post=318"}],"version-history":[{"count":6,"href":"https:\/\/cecane.ufc.br\/index.php?rest_route=\/wp\/v2\/posts\/318\/revisions"}],"predecessor-version":[{"id":326,"href":"https:\/\/cecane.ufc.br\/index.php?rest_route=\/wp\/v2\/posts\/318\/revisions\/326"}],"wp:attachment":[{"href":"https:\/\/cecane.ufc.br\/index.php?rest_route=%2Fwp%2Fv2%2Fmedia&parent=318"}],"wp:term":[{"taxonomy":"category","embeddable":true,"href":"https:\/\/cecane.ufc.br\/index.php?rest_route=%2Fwp%2Fv2%2Fcategories&post=318"},{"taxonomy":"post_tag","embeddable":true,"href":"https:\/\/cecane.ufc.br\/index.php?rest_route=%2Fwp%2Fv2%2Ftags&post=318"}],"curies":[{"name":"wp","href":"https:\/\/api.w.org\/{rel}","templated":true}]}}